{"id":2091,"date":"2023-08-31T10:49:52","date_gmt":"2023-08-31T08:49:52","guid":{"rendered":"https:\/\/www.cuisole.it\/cuisole\/?p=2091"},"modified":"2023-08-31T10:49:56","modified_gmt":"2023-08-31T08:49:56","slug":"progetto-non-piu-soli","status":"publish","type":"post","link":"https:\/\/www.cuisole.it\/cuisole\/progetto-non-piu-soli\/","title":{"rendered":"Progetto Non pi\u00f9 soli"},"content":{"rendered":"\n<h2 class=\"wp-block-heading\">Corso di educazione all\u2019affettivit\u00e0 e alla Sessualit\u00e0<\/h2>\n\n\n\n<p class=\"has-text-align-left wp-block-paragraph\">Il C.U.I. I Ragazzi del sole nel mese di Marzo 2023 all\u2019interno del progetto <em>Non pi\u00f9 soli<\/em> ha avviato un percorso rivolto all\u2019affettivit\u00e0 e alla sessualit\u00e0 per i ragazzi con disabilit\u00e0 che fanno parte dell\u2019associazione interessati ad approfondire tematiche legate ad emozioni, sentimenti, affettivit\u00e0, socialit\u00e0 e sessualit\u00e0.<\/p>\n\n\n\n<p class=\"has-text-align-left wp-block-paragraph\">Gli incontri di gruppo, guidati da due psicologhe, hanno offerto l\u2019opportunit\u00e0 di stimolare la riflessione ed il confronto tra pari su argomenti particolarmente importanti per la propria crescita personale.<\/p>\n\n\n\n<p class=\"has-text-align-left wp-block-paragraph\">Il corso ha creato uno spazio dove poter affrontare difficolt\u00e0, dubbi, curiosit\u00e0 inerenti la sfera emozionale e della sessualit\u00e0, offrendo chiarimenti concreti su problemi quotidiani riconducibili a situazioni di disagio, ed ha permesso di affrontare, in modo sereno e senza imbarazzo, le tematiche legate alla sessualit\u00e0 e all\u2018affettivit\u00e0. <strong>I ragazzi hanno avuto l\u2019opportunit\u00e0 di confrontarsi circa la comprensione delle richieste ed il comportamento sessuale delle persone<\/strong>: differenziare tra attrazione fisica e desiderio di relazioni amicali. Hanno riflettuto sul fatto che ci sono contesti diversi dove poter esprimere quello che si sente in maniera appropriata ed adeguata.<\/p>\n\n\n\n<p class=\"has-text-align-left wp-block-paragraph\">L\u2019obiettivo \u00e8 stato quello di favorire una sessualit\u00e0 consapevole e sana che concorra al benessere psicologico dell\u2019individuo, ma soprattutto dare voce a quelli che sono i bisogni personali di cura e di vicinanza che ogni individuo manifesta. L\u2019importanza di venir riconosciuti come individui passa dal riconoscimento di tutti i bisogni della persona.<\/p>\n\n\n\n<p class=\"has-text-align-left wp-block-paragraph\">Il messaggio principale che questo corso ha voluto veicolare \u00e8 stato quello che si pu\u00f2 parlare di tutti gli aspetti della propria vita, anzi \u00e8 importante che dubbi o curiosit\u00e0 vengano affrontati con qualcuno di fiducia e che il ragazzo\/a senta di avere questa possibilit\u00e0 che racchiude in se anche la libert\u00e0 di espressione e affermazione personale.<\/p>\n","protected":false},"excerpt":{"rendered":"<p>Corso di educazione all\u2019affettivit\u00e0 e alla Sessualit\u00e0 Il C.U.I. I Ragazzi del sole nel mese di Marzo 2023 all\u2019interno del progetto Non pi\u00f9 soli ha avviato un percorso rivolto all\u2019affettivit\u00e0 e alla sessualit\u00e0 per i ragazzi con disabilit\u00e0 che fanno parte dell\u2019associazione interessati ad approfondire tematiche legate ad emozioni, sentimenti, affettivit\u00e0, socialit\u00e0 e sessualit\u00e0. Gli <a href=\"https:\/\/www.cuisole.it\/cuisole\/progetto-non-piu-soli\/\" rel=\"nofollow\"><span class=\"sr-only\">Leggi di pi\u00f9Progetto Non pi\u00f9 soli<\/span>[&hellip;]<\/a><\/p>\n","protected":false},"author":1,"featured_media":2092,"comment_status":"open","ping_status":"open","sticky":false,"template":"","format":"standard","meta":{"footnotes":""},"categories":[3],"tags":[],"class_list":["post-2091","post","type-post","status-publish","format-standard","has-post-thumbnail","hentry","category-news"],"yoast_head":"<!-- This site is optimized with the Yoast SEO plugin v27.6 - https:\/\/yoast.com\/product\/yoast-seo-wordpress\/ -->\n<title>Progetto Non pi\u00f9 soli - C.U.I. - I Ragazzi del Sole - ODV<\/title>\n<meta name=\"robots\" content=\"index, follow, max-snippet:-1, max-image-preview:large, max-video-preview:-1\" \/>\n<link rel=\"canonical\" href=\"https:\/\/www.cuisole.it\/cuisole\/progetto-non-piu-soli\/\" \/>\n<meta name=\"twitter:label1\" content=\"Scritto da\" \/>\n\t<meta name=\"twitter:data1\" content=\"admin\" \/>\n\t<meta name=\"twitter:label2\" content=\"Tempo di lettura stimato\" \/>\n\t<meta name=\"twitter:data2\" content=\"2 minuti\" \/>\n<script type=\"application\/ld+json\" class=\"yoast-schema-graph\">{\"@context\":\"https:\\\/\\\/schema.org\",\"@graph\":[{\"@type\":\"Article\",\"@id\":\"https:\\\/\\\/www.cuisole.it\\\/cuisole\\\/progetto-non-piu-soli\\\/#article\",\"isPartOf\":{\"@id\":\"https:\\\/\\\/www.cuisole.it\\\/cuisole\\\/progetto-non-piu-soli\\\/\"},\"author\":{\"name\":\"admin\",\"@id\":\"https:\\\/\\\/www.cuisole.it\\\/cuisole\\\/#\\\/schema\\\/person\\\/f33c7ec401a94ff1e342f3989260bb88\"},\"headline\":\"Progetto Non pi\u00f9 soli\",\"datePublished\":\"2023-08-31T08:49:52+00:00\",\"dateModified\":\"2023-08-31T08:49:56+00:00\",\"mainEntityOfPage\":{\"@id\":\"https:\\\/\\\/www.cuisole.it\\\/cuisole\\\/progetto-non-piu-soli\\\/\"},\"wordCount\":301,\"commentCount\":0,\"publisher\":{\"@id\":\"https:\\\/\\\/www.cuisole.it\\\/cuisole\\\/#organization\"},\"image\":{\"@id\":\"https:\\\/\\\/www.cuisole.it\\\/cuisole\\\/progetto-non-piu-soli\\\/#primaryimage\"},\"thumbnailUrl\":\"https:\\\/\\\/www.cuisole.it\\\/cuisole\\\/wp-content\\\/uploads\\\/2023\\\/08\\\/heart-4169572_1280.jpg\",\"articleSection\":[\"News\"],\"inLanguage\":\"it-IT\",\"potentialAction\":[{\"@type\":\"CommentAction\",\"name\":\"Comment\",\"target\":[\"https:\\\/\\\/www.cuisole.it\\\/cuisole\\\/progetto-non-piu-soli\\\/#respond\"]}]},{\"@type\":\"WebPage\",\"@id\":\"https:\\\/\\\/www.cuisole.it\\\/cuisole\\\/progetto-non-piu-soli\\\/\",\"url\":\"https:\\\/\\\/www.cuisole.it\\\/cuisole\\\/progetto-non-piu-soli\\\/\",\"name\":\"Progetto Non pi\u00f9 soli - C.U.I. - I Ragazzi del Sole - ODV\",\"isPartOf\":{\"@id\":\"https:\\\/\\\/www.cuisole.it\\\/cuisole\\\/#website\"},\"primaryImageOfPage\":{\"@id\":\"https:\\\/\\\/www.cuisole.it\\\/cuisole\\\/progetto-non-piu-soli\\\/#primaryimage\"},\"image\":{\"@id\":\"https:\\\/\\\/www.cuisole.it\\\/cuisole\\\/progetto-non-piu-soli\\\/#primaryimage\"},\"thumbnailUrl\":\"https:\\\/\\\/www.cuisole.it\\\/cuisole\\\/wp-content\\\/uploads\\\/2023\\\/08\\\/heart-4169572_1280.jpg\",\"datePublished\":\"2023-08-31T08:49:52+00:00\",\"dateModified\":\"2023-08-31T08:49:56+00:00\",\"breadcrumb\":{\"@id\":\"https:\\\/\\\/www.cuisole.it\\\/cuisole\\\/progetto-non-piu-soli\\\/#breadcrumb\"},\"inLanguage\":\"it-IT\",\"potentialAction\":[{\"@type\":\"ReadAction\",\"target\":[\"https:\\\/\\\/www.cuisole.it\\\/cuisole\\\/progetto-non-piu-soli\\\/\"]}]},{\"@type\":\"ImageObject\",\"inLanguage\":\"it-IT\",\"@id\":\"https:\\\/\\\/www.cuisole.it\\\/cuisole\\\/progetto-non-piu-soli\\\/#primaryimage\",\"url\":\"https:\\\/\\\/www.cuisole.it\\\/cuisole\\\/wp-content\\\/uploads\\\/2023\\\/08\\\/heart-4169572_1280.jpg\",\"contentUrl\":\"https:\\\/\\\/www.cuisole.it\\\/cuisole\\\/wp-content\\\/uploads\\\/2023\\\/08\\\/heart-4169572_1280.jpg\",\"width\":1280,\"height\":853,\"caption\":\"Foto di Stefan Schweihofer da Pixabay\"},{\"@type\":\"BreadcrumbList\",\"@id\":\"https:\\\/\\\/www.cuisole.it\\\/cuisole\\\/progetto-non-piu-soli\\\/#breadcrumb\",\"itemListElement\":[{\"@type\":\"ListItem\",\"position\":1,\"name\":\"Home\",\"item\":\"https:\\\/\\\/www.cuisole.it\\\/cuisole\\\/\"},{\"@type\":\"ListItem\",\"position\":2,\"name\":\"Progetto Non pi\u00f9 soli\"}]},{\"@type\":\"WebSite\",\"@id\":\"https:\\\/\\\/www.cuisole.it\\\/cuisole\\\/#website\",\"url\":\"https:\\\/\\\/www.cuisole.it\\\/cuisole\\\/\",\"name\":\"C.U.I. - I Ragazzi del Sole - ODV\",\"description\":\"Associazione di volontariato che si occupa delle problematiche dei diversamente abili\",\"publisher\":{\"@id\":\"https:\\\/\\\/www.cuisole.it\\\/cuisole\\\/#organization\"},\"potentialAction\":[{\"@type\":\"SearchAction\",\"target\":{\"@type\":\"EntryPoint\",\"urlTemplate\":\"https:\\\/\\\/www.cuisole.it\\\/cuisole\\\/?s={search_term_string}\"},\"query-input\":{\"@type\":\"PropertyValueSpecification\",\"valueRequired\":true,\"valueName\":\"search_term_string\"}}],\"inLanguage\":\"it-IT\"},{\"@type\":\"Organization\",\"@id\":\"https:\\\/\\\/www.cuisole.it\\\/cuisole\\\/#organization\",\"name\":\"CUI I RAGAZZI DEL SOLE ODV\",\"url\":\"https:\\\/\\\/www.cuisole.it\\\/cuisole\\\/\",\"logo\":{\"@type\":\"ImageObject\",\"inLanguage\":\"it-IT\",\"@id\":\"https:\\\/\\\/www.cuisole.it\\\/cuisole\\\/#\\\/schema\\\/logo\\\/image\\\/\",\"url\":\"https:\\\/\\\/www.cuisole.it\\\/cuisole\\\/wp-content\\\/uploads\\\/2019\\\/11\\\/cropped-logo-1.jpg\",\"contentUrl\":\"https:\\\/\\\/www.cuisole.it\\\/cuisole\\\/wp-content\\\/uploads\\\/2019\\\/11\\\/cropped-logo-1.jpg\",\"width\":512,\"height\":512,\"caption\":\"CUI I RAGAZZI DEL SOLE ODV\"},\"image\":{\"@id\":\"https:\\\/\\\/www.cuisole.it\\\/cuisole\\\/#\\\/schema\\\/logo\\\/image\\\/\"},\"sameAs\":[\"https:\\\/\\\/www.facebook.com\\\/CUIIRagazzidelSole\"]},{\"@type\":\"Person\",\"@id\":\"https:\\\/\\\/www.cuisole.it\\\/cuisole\\\/#\\\/schema\\\/person\\\/f33c7ec401a94ff1e342f3989260bb88\",\"name\":\"admin\",\"image\":{\"@type\":\"ImageObject\",\"inLanguage\":\"it-IT\",\"@id\":\"https:\\\/\\\/secure.gravatar.com\\\/avatar\\\/cfd4893bc4897646689ccdd0c844d76a9d9978e7ca3155dbb200eaacef0b217c?s=96&d=wavatar&r=g\",\"url\":\"https:\\\/\\\/secure.gravatar.com\\\/avatar\\\/cfd4893bc4897646689ccdd0c844d76a9d9978e7ca3155dbb200eaacef0b217c?s=96&d=wavatar&r=g\",\"contentUrl\":\"https:\\\/\\\/secure.gravatar.com\\\/avatar\\\/cfd4893bc4897646689ccdd0c844d76a9d9978e7ca3155dbb200eaacef0b217c?s=96&d=wavatar&r=g\",\"caption\":\"admin\"}}]}<\/script>\n<!-- \/ Yoast SEO plugin. -->","yoast_head_json":{"title":"Progetto Non pi\u00f9 soli - C.U.I. - I Ragazzi del Sole - ODV","robots":{"index":"index","follow":"follow","max-snippet":"max-snippet:-1","max-image-preview":"max-image-preview:large","max-video-preview":"max-video-preview:-1"},"canonical":"https:\/\/www.cuisole.it\/cuisole\/progetto-non-piu-soli\/","twitter_misc":{"Scritto da":"admin","Tempo di lettura stimato":"2 minuti"},"schema":{"@context":"https:\/\/schema.org","@graph":[{"@type":"Article","@id":"https:\/\/www.cuisole.it\/cuisole\/progetto-non-piu-soli\/#article","isPartOf":{"@id":"https:\/\/www.cuisole.it\/cuisole\/progetto-non-piu-soli\/"},"author":{"name":"admin","@id":"https:\/\/www.cuisole.it\/cuisole\/#\/schema\/person\/f33c7ec401a94ff1e342f3989260bb88"},"headline":"Progetto Non pi\u00f9 soli","datePublished":"2023-08-31T08:49:52+00:00","dateModified":"2023-08-31T08:49:56+00:00","mainEntityOfPage":{"@id":"https:\/\/www.cuisole.it\/cuisole\/progetto-non-piu-soli\/"},"wordCount":301,"commentCount":0,"publisher":{"@id":"https:\/\/www.cuisole.it\/cuisole\/#organization"},"image":{"@id":"https:\/\/www.cuisole.it\/cuisole\/progetto-non-piu-soli\/#primaryimage"},"thumbnailUrl":"https:\/\/www.cuisole.it\/cuisole\/wp-content\/uploads\/2023\/08\/heart-4169572_1280.jpg","articleSection":["News"],"inLanguage":"it-IT","potentialAction":[{"@type":"CommentAction","name":"Comment","target":["https:\/\/www.cuisole.it\/cuisole\/progetto-non-piu-soli\/#respond"]}]},{"@type":"WebPage","@id":"https:\/\/www.cuisole.it\/cuisole\/progetto-non-piu-soli\/","url":"https:\/\/www.cuisole.it\/cuisole\/progetto-non-piu-soli\/","name":"Progetto Non pi\u00f9 soli - C.U.I. - I Ragazzi del Sole - ODV","isPartOf":{"@id":"https:\/\/www.cuisole.it\/cuisole\/#website"},"primaryImageOfPage":{"@id":"https:\/\/www.cuisole.it\/cuisole\/progetto-non-piu-soli\/#primaryimage"},"image":{"@id":"https:\/\/www.cuisole.it\/cuisole\/progetto-non-piu-soli\/#primaryimage"},"thumbnailUrl":"https:\/\/www.cuisole.it\/cuisole\/wp-content\/uploads\/2023\/08\/heart-4169572_1280.jpg","datePublished":"2023-08-31T08:49:52+00:00","dateModified":"2023-08-31T08:49:56+00:00","breadcrumb":{"@id":"https:\/\/www.cuisole.it\/cuisole\/progetto-non-piu-soli\/#breadcrumb"},"inLanguage":"it-IT","potentialAction":[{"@type":"ReadAction","target":["https:\/\/www.cuisole.it\/cuisole\/progetto-non-piu-soli\/"]}]},{"@type":"ImageObject","inLanguage":"it-IT","@id":"https:\/\/www.cuisole.it\/cuisole\/progetto-non-piu-soli\/#primaryimage","url":"https:\/\/www.cuisole.it\/cuisole\/wp-content\/uploads\/2023\/08\/heart-4169572_1280.jpg","contentUrl":"https:\/\/www.cuisole.it\/cuisole\/wp-content\/uploads\/2023\/08\/heart-4169572_1280.jpg","width":1280,"height":853,"caption":"Foto di Stefan Schweihofer da Pixabay"},{"@type":"BreadcrumbList","@id":"https:\/\/www.cuisole.it\/cuisole\/progetto-non-piu-soli\/#breadcrumb","itemListElement":[{"@type":"ListItem","position":1,"name":"Home","item":"https:\/\/www.cuisole.it\/cuisole\/"},{"@type":"ListItem","position":2,"name":"Progetto Non pi\u00f9 soli"}]},{"@type":"WebSite","@id":"https:\/\/www.cuisole.it\/cuisole\/#website","url":"https:\/\/www.cuisole.it\/cuisole\/","name":"C.U.I. - I Ragazzi del Sole - ODV","description":"Associazione di volontariato che si occupa delle problematiche dei diversamente abili","publisher":{"@id":"https:\/\/www.cuisole.it\/cuisole\/#organization"},"potentialAction":[{"@type":"SearchAction","target":{"@type":"EntryPoint","urlTemplate":"https:\/\/www.cuisole.it\/cuisole\/?s={search_term_string}"},"query-input":{"@type":"PropertyValueSpecification","valueRequired":true,"valueName":"search_term_string"}}],"inLanguage":"it-IT"},{"@type":"Organization","@id":"https:\/\/www.cuisole.it\/cuisole\/#organization","name":"CUI I RAGAZZI DEL SOLE ODV","url":"https:\/\/www.cuisole.it\/cuisole\/","logo":{"@type":"ImageObject","inLanguage":"it-IT","@id":"https:\/\/www.cuisole.it\/cuisole\/#\/schema\/logo\/image\/","url":"https:\/\/www.cuisole.it\/cuisole\/wp-content\/uploads\/2019\/11\/cropped-logo-1.jpg","contentUrl":"https:\/\/www.cuisole.it\/cuisole\/wp-content\/uploads\/2019\/11\/cropped-logo-1.jpg","width":512,"height":512,"caption":"CUI I RAGAZZI DEL SOLE ODV"},"image":{"@id":"https:\/\/www.cuisole.it\/cuisole\/#\/schema\/logo\/image\/"},"sameAs":["https:\/\/www.facebook.com\/CUIIRagazzidelSole"]},{"@type":"Person","@id":"https:\/\/www.cuisole.it\/cuisole\/#\/schema\/person\/f33c7ec401a94ff1e342f3989260bb88","name":"admin","image":{"@type":"ImageObject","inLanguage":"it-IT","@id":"https:\/\/secure.gravatar.com\/avatar\/cfd4893bc4897646689ccdd0c844d76a9d9978e7ca3155dbb200eaacef0b217c?s=96&d=wavatar&r=g","url":"https:\/\/secure.gravatar.com\/avatar\/cfd4893bc4897646689ccdd0c844d76a9d9978e7ca3155dbb200eaacef0b217c?s=96&d=wavatar&r=g","contentUrl":"https:\/\/secure.gravatar.com\/avatar\/cfd4893bc4897646689ccdd0c844d76a9d9978e7ca3155dbb200eaacef0b217c?s=96&d=wavatar&r=g","caption":"admin"}}]}},"_links":{"self":[{"href":"https:\/\/www.cuisole.it\/cuisole\/wp-json\/wp\/v2\/posts\/2091","targetHints":{"allow":["GET"]}}],"collection":[{"href":"https:\/\/www.cuisole.it\/cuisole\/wp-json\/wp\/v2\/posts"}],"about":[{"href":"https:\/\/www.cuisole.it\/cuisole\/wp-json\/wp\/v2\/types\/post"}],"author":[{"embeddable":true,"href":"https:\/\/www.cuisole.it\/cuisole\/wp-json\/wp\/v2\/users\/1"}],"replies":[{"embeddable":true,"href":"https:\/\/www.cuisole.it\/cuisole\/wp-json\/wp\/v2\/comments?post=2091"}],"version-history":[{"count":1,"href":"https:\/\/www.cuisole.it\/cuisole\/wp-json\/wp\/v2\/posts\/2091\/revisions"}],"predecessor-version":[{"id":2093,"href":"https:\/\/www.cuisole.it\/cuisole\/wp-json\/wp\/v2\/posts\/2091\/revisions\/2093"}],"wp:featuredmedia":[{"embeddable":true,"href":"https:\/\/www.cuisole.it\/cuisole\/wp-json\/wp\/v2\/media\/2092"}],"wp:attachment":[{"href":"https:\/\/www.cuisole.it\/cuisole\/wp-json\/wp\/v2\/media?parent=2091"}],"wp:term":[{"taxonomy":"category","embeddable":true,"href":"https:\/\/www.cuisole.it\/cuisole\/wp-json\/wp\/v2\/categories?post=2091"},{"taxonomy":"post_tag","embeddable":true,"href":"https:\/\/www.cuisole.it\/cuisole\/wp-json\/wp\/v2\/tags?post=2091"}],"curies":[{"name":"wp","href":"https:\/\/api.w.org\/{rel}","templated":true}]}}